{"id":783,"date":"2022-05-22T14:57:52","date_gmt":"2022-05-22T12:57:52","guid":{"rendered":"https:\/\/telemark.com.pl\/?p=783"},"modified":"2026-04-22T12:51:39","modified_gmt":"2026-04-22T10:51:39","slug":"bez-tajemnic-sezon-3","status":"publish","type":"post","link":"https:\/\/telemark.com.pl\/en\/bez-tajemnic-sezon-3\/","title":{"rendered":"Bez Tajemnic | sezon 3"},"content":{"rendered":"<div data-elementor-type=\"wp-post\" data-elementor-id=\"783\" class=\"elementor elementor-783\" data-elementor-post-type=\"post\">\n\t\t\t\t\t\t<section class=\"elementor-section elementor-top-section elementor-element elementor-element-5455f74a elementor-section-boxed elementor-section-height-default elementor-section-height-default\" data-id=\"5455f74a\" data-element_type=\"section\" data-e-type=\"section\">\n\t\t\t\t\t\t<div class=\"elementor-container elementor-column-gap-default\">\n\t\t\t\t\t<div class=\"elementor-column elementor-col-100 elementor-top-column elementor-element elementor-element-2626f11a\" data-id=\"2626f11a\" data-element_type=\"column\" data-e-type=\"column\">\n\t\t\t<div class=\"elementor-widget-wrap elementor-element-populated\">\n\t\t\t\t\t\t<div class=\"elementor-element elementor-element-255682bb elementor-widget elementor-widget-image\" data-id=\"255682bb\" data-element_type=\"widget\" data-e-type=\"widget\" data-widget_type=\"image.default\">\n\t\t\t\t<div class=\"elementor-widget-container\">\n\t\t\t\t\t\t\t\t\t\t\t\t\t\t\t<img fetchpriority=\"high\" decoding=\"async\" width=\"1536\" height=\"1024\" src=\"https:\/\/telemark.com.pl\/wp-content\/uploads\/2022\/05\/bez-tajemnic-TLO_S3-1536x1024.jpg\" class=\"attachment-1536x1536 size-1536x1536 wp-image-1775\" alt=\"\" srcset=\"https:\/\/telemark.com.pl\/wp-content\/uploads\/2022\/05\/bez-tajemnic-TLO_S3-1536x1024.jpg 1536w, https:\/\/telemark.com.pl\/wp-content\/uploads\/2022\/05\/bez-tajemnic-TLO_S3-300x200.jpg 300w, https:\/\/telemark.com.pl\/wp-content\/uploads\/2022\/05\/bez-tajemnic-TLO_S3-1024x683.jpg 1024w, https:\/\/telemark.com.pl\/wp-content\/uploads\/2022\/05\/bez-tajemnic-TLO_S3-768x512.jpg 768w, https:\/\/telemark.com.pl\/wp-content\/uploads\/2022\/05\/bez-tajemnic-TLO_S3-2048x1366.jpg 2048w, https:\/\/telemark.com.pl\/wp-content\/uploads\/2022\/05\/bez-tajemnic-TLO_S3-18x12.jpg 18w\" sizes=\"(max-width: 1536px) 100vw, 1536px\" \/>\t\t\t\t\t\t\t\t\t\t\t\t\t\t\t<\/div>\n\t\t\t\t<\/div>\n\t\t\t\t\t<\/div>\n\t\t<\/div>\n\t\t\t\t\t<\/div>\n\t\t<\/section>\n\t\t\t\t<section class=\"elementor-section elementor-top-section elementor-element elementor-element-ca5b7ff elementor-section-boxed elementor-section-height-default elementor-section-height-default\" data-id=\"ca5b7ff\" data-element_type=\"section\" data-e-type=\"section\">\n\t\t\t\t\t\t<div class=\"elementor-container elementor-column-gap-default\">\n\t\t\t\t\t<div class=\"elementor-column elementor-col-100 elementor-top-column elementor-element elementor-element-c561f9f\" data-id=\"c561f9f\" data-element_type=\"column\" data-e-type=\"column\">\n\t\t\t<div class=\"elementor-widget-wrap elementor-element-populated\">\n\t\t\t\t\t\t<div class=\"elementor-element elementor-element-f6c63f5 elementor-widget elementor-widget-heading\" data-id=\"f6c63f5\" data-element_type=\"widget\" data-e-type=\"widget\" data-widget_type=\"heading.default\">\n\t\t\t\t<div class=\"elementor-widget-container\">\n\t\t\t\t\t<h2 class=\"elementor-heading-title elementor-size-default\">Bez Tajemnic | sezon 3<\/h2>\t\t\t\t<\/div>\n\t\t\t\t<\/div>\n\t\t\t\t<div class=\"elementor-element elementor-element-2e7e516 elementor-widget elementor-widget-heading\" data-id=\"2e7e516\" data-element_type=\"widget\" data-e-type=\"widget\" data-widget_type=\"heading.default\">\n\t\t\t\t<div class=\"elementor-widget-container\">\n\t\t\t\t\t<h2 class=\"elementor-heading-title elementor-size-small\">DRAMA SERIES, 35 X 25 MIN (2013)<\/h2>\t\t\t\t<\/div>\n\t\t\t\t<\/div>\n\t\t\t\t\t<\/div>\n\t\t<\/div>\n\t\t\t\t\t<\/div>\n\t\t<\/section>\n\t\t\t\t<section class=\"elementor-section elementor-top-section elementor-element elementor-element-6fefc321 elementor-section-boxed elementor-section-height-default elementor-section-height-default\" data-id=\"6fefc321\" data-element_type=\"section\" data-e-type=\"section\">\n\t\t\t\t\t\t<div class=\"elementor-container elementor-column-gap-default\">\n\t\t\t\t\t<div class=\"elementor-column elementor-col-50 elementor-top-column elementor-element elementor-element-6f4c13d6\" data-id=\"6f4c13d6\" data-element_type=\"column\" data-e-type=\"column\">\n\t\t\t<div class=\"elementor-widget-wrap elementor-element-populated\">\n\t\t\t\t\t\t<div class=\"elementor-element elementor-element-22cb14d6 elementor-widget elementor-widget-text-editor\" data-id=\"22cb14d6\" data-element_type=\"widget\" data-e-type=\"widget\" data-widget_type=\"text-editor.default\">\n\t\t\t\t<div class=\"elementor-widget-container\">\n\t\t\t\t\t\t\t\t\t<p>Like the ones before, Season 3 has been broadcast over seven weeks, focusing on five therapies (35 episodes), with the action set one year after Season 2. Andrzej spent those months in a Vienna flat inherited from his late father. Now he\u2019s returned to Poland where he was offered the position of manager of \u2018Chronos\u2019, a prestigious psychotherapy centre in Warsaw, on Barbara\u2019s recommendation. Apart from managing the centre, Andrzej sees patients. His personal life is troubled by an uneasy relationship with his youngest son, who doesn\u2019t want to stay with the therapist\u2019s ex-wife and her new partner, so he moves in with his father. Andrzej also has to decide how to handle his relationship with a woman he met in Vienna.<\/p>\t\t\t\t\t\t\t\t<\/div>\n\t\t\t\t<\/div>\n\t\t\t\t\t<\/div>\n\t\t<\/div>\n\t\t\t\t<div class=\"elementor-column elementor-col-50 elementor-top-column elementor-element elementor-element-28382e93\" data-id=\"28382e93\" data-element_type=\"column\" data-e-type=\"column\">\n\t\t\t<div class=\"elementor-widget-wrap elementor-element-populated\">\n\t\t\t\t\t\t<div class=\"elementor-element elementor-element-cdc3c8b elementor-widget__width-inherit elementor-widget elementor-widget-html\" data-id=\"cdc3c8b\" data-element_type=\"widget\" data-e-type=\"widget\" data-widget_type=\"html.default\">\n\t\t\t\t<div class=\"elementor-widget-container\">\n\t\t\t\t\t<div class=\"divTable tab\">\n<div class=\"divTableBody\">\n<div class=\"divTableRow\">\n\n<div class=\"divTableCell\"><b>directed by<\/b><\/div><div class=\"divTableCellL\">Wojciech Smarzowski, Agnieszka Gli\u0144ska, Marek Lechki, Bartosz Konopka, Agnieszka Holland, Kasia Adamik<\/div><\/div>\n<div class=\"divTableRow\">\n<div class=\"divTableCell\"><b>written by<\/b><\/div><div class=\"divTableCellL\">Magdalena Fertacz, Joanna Pawlu\u015bkiewicz, Joanna Szymczyk-Sienkiewicz, Przemys\u0142aw Nowakowski, Jaros\u0142aw Kami\u0144ski<\/div><\/div>\n<div class=\"divTableRow\">\n<div class=\"divTableCell\"><b>director of photography<\/b><\/div><div class=\"divTableCellL\">Krzysztof Ptak, Arkadiusz Tomiak<\/div><\/div>\n<div class=\"divTableRow\">\n<div class=\"divTableCell\"><b>producer<\/b><\/div><div class=\"divTableCellL\"> Anna K\u0119pi\u0144ska, Maciej Kubicki<\/div><\/div>\n<div class=\"divTableRow\">\n<div class=\"divTableCell\"><b>producion<\/b><\/div><div class=\"divTableCellL\">Telemark, HBO Poland<\/div><\/div>\n<div class=\"divTableRow\">\n<div class=\"divTableCell\"><b>art director<\/b><\/div><div class=\"divTableCellL\">Elwira Pluta<\/div><\/div><div class=\"divTableRow\">\n<div class=\"divTableCell\"><b>costumes<\/b><\/div><div class=\"divTableCellL\">Katarzyna Lewi\u0144ska, S\u0142awomir Blaszewski<\/div><\/div><div class=\"divTableRow\">\n<div class=\"divTableCell\"><b>editor<\/b><\/div><div class=\"divTableCellL\">Leszek Starzy\u0144ski, Jaros\u0142aw Barzan, Maciej Pawli\u0144ski<\/div><\/div>\n<div class=\"divTableRow\">\n<div class=\"divTableCell\"><b>music<\/b><\/div><div class=\"divTableCellL\">Jacek Lachowicz, Miko\u0142aj Stroi\u0144ski<\/div><\/div>\n<div class=\"divTableRow\">\n<div class=\"divTableCell\"><b>cast<\/b><\/div><div class=\"divTableCellL\">Jerzy Radziwi\u0142owicz, Stanis\u0142awa Celi\u0144ska, Piotr G\u0142owacki , Magdalena Pop\u0142awska , Maciej Stuhr<\/div><\/div>\n<div class=\"divTableRow\">\n<div class=\"divTableCell\"><b><\/b><\/div><div class=\"divTableCellL\"><\/div><\/div>\n<\/div>\n\t\t\t\t<\/div>\n\t\t\t\t<\/div>\n\t\t\t\t\t<\/div>\n\t\t<\/div>\n\t\t\t\t\t<\/div>\n\t\t<\/section>\n\t\t\t\t<\/div>","protected":false},"excerpt":{"rendered":"<p>PSYCHOLOGICZNY SERIAL FABULARNY, 35 X 25 MIN (2013) Podobnie jak poprzednim razem, w sezonie 3 zrealizowano siedem tygodni emisji i zarazem terapii (35 odcink\u00f3w), za\u015b akcja dzieje si\u0119 rok po wydarzeniach z sezonu drugiego. Andrzej sp\u0119dzi\u0142 ten czas w Wiedniu, w mieszkaniu odziedziczonym po zmar\u0142ym ojcu, ale teraz wraca do Polski, aby z rekomendacji Barbary [&hellip;]<\/p>\n","protected":false},"author":1,"featured_media":1773,"comment_status":"closed","ping_status":"open","sticky":false,"template":"","format":"standard","meta":{"_monsterinsights_skip_tracking":false,"_monsterinsights_sitenote_active":false,"_monsterinsights_sitenote_note":"","_monsterinsights_sitenote_category":0,"footnotes":""},"categories":[7],"tags":[],"class_list":["post-783","post","type-post","status-publish","format-standard","has-post-thumbnail","hentry","category-seriale"],"aioseo_notices":[],"_links":{"self":[{"href":"https:\/\/telemark.com.pl\/en\/wp-json\/wp\/v2\/posts\/783","targetHints":{"allow":["GET"]}}],"collection":[{"href":"https:\/\/telemark.com.pl\/en\/wp-json\/wp\/v2\/posts"}],"about":[{"href":"https:\/\/telemark.com.pl\/en\/wp-json\/wp\/v2\/types\/post"}],"author":[{"embeddable":true,"href":"https:\/\/telemark.com.pl\/en\/wp-json\/wp\/v2\/users\/1"}],"replies":[{"embeddable":true,"href":"https:\/\/telemark.com.pl\/en\/wp-json\/wp\/v2\/comments?post=783"}],"version-history":[{"count":10,"href":"https:\/\/telemark.com.pl\/en\/wp-json\/wp\/v2\/posts\/783\/revisions"}],"predecessor-version":[{"id":3550,"href":"https:\/\/telemark.com.pl\/en\/wp-json\/wp\/v2\/posts\/783\/revisions\/3550"}],"wp:featuredmedia":[{"embeddable":true,"href":"https:\/\/telemark.com.pl\/en\/wp-json\/wp\/v2\/media\/1773"}],"wp:attachment":[{"href":"https:\/\/telemark.com.pl\/en\/wp-json\/wp\/v2\/media?parent=783"}],"wp:term":[{"taxonomy":"category","embeddable":true,"href":"https:\/\/telemark.com.pl\/en\/wp-json\/wp\/v2\/categories?post=783"},{"taxonomy":"post_tag","embeddable":true,"href":"https:\/\/telemark.com.pl\/en\/wp-json\/wp\/v2\/tags?post=783"}],"curies":[{"name":"wp","href":"https:\/\/api.w.org\/{rel}","templated":true}]}}