{"id":819,"date":"2022-05-22T16:40:51","date_gmt":"2022-05-22T14:40:51","guid":{"rendered":"https:\/\/telemark.com.pl\/?p=819"},"modified":"2026-04-22T12:51:07","modified_gmt":"2026-04-22T10:51:07","slug":"mow-do-mnie","status":"publish","type":"post","link":"https:\/\/telemark.com.pl\/en\/mow-do-mnie\/","title":{"rendered":"talk to me"},"content":{"rendered":"<div data-elementor-type=\"wp-post\" data-elementor-id=\"819\" class=\"elementor elementor-819\" data-elementor-post-type=\"post\">\n\t\t\t\t\t\t<section class=\"elementor-section elementor-top-section elementor-element elementor-element-24f9d213 elementor-section-boxed elementor-section-height-default elementor-section-height-default\" data-id=\"24f9d213\" data-element_type=\"section\" data-e-type=\"section\">\n\t\t\t\t\t\t<div class=\"elementor-container elementor-column-gap-default\">\n\t\t\t\t\t<div class=\"elementor-column elementor-col-100 elementor-top-column elementor-element elementor-element-75b8e211\" data-id=\"75b8e211\" data-element_type=\"column\" data-e-type=\"column\">\n\t\t\t<div class=\"elementor-widget-wrap elementor-element-populated\">\n\t\t\t\t\t\t<div class=\"elementor-element elementor-element-6e563254 elementor-widget elementor-widget-image\" data-id=\"6e563254\" data-element_type=\"widget\" data-e-type=\"widget\" data-widget_type=\"image.default\">\n\t\t\t\t<div class=\"elementor-widget-container\">\n\t\t\t\t\t\t\t\t\t\t\t\t\t\t\t<img fetchpriority=\"high\" decoding=\"async\" width=\"1900\" height=\"1067\" src=\"https:\/\/telemark.com.pl\/wp-content\/uploads\/2022\/05\/mow-do-mnie.jpg\" class=\"attachment-full size-full wp-image-1356\" alt=\"\" srcset=\"https:\/\/telemark.com.pl\/wp-content\/uploads\/2022\/05\/mow-do-mnie.jpg 1900w, https:\/\/telemark.com.pl\/wp-content\/uploads\/2022\/05\/mow-do-mnie-300x168.jpg 300w, https:\/\/telemark.com.pl\/wp-content\/uploads\/2022\/05\/mow-do-mnie-1024x575.jpg 1024w, https:\/\/telemark.com.pl\/wp-content\/uploads\/2022\/05\/mow-do-mnie-768x431.jpg 768w, https:\/\/telemark.com.pl\/wp-content\/uploads\/2022\/05\/mow-do-mnie-1536x863.jpg 1536w, https:\/\/telemark.com.pl\/wp-content\/uploads\/2022\/05\/mow-do-mnie-18x10.jpg 18w\" sizes=\"(max-width: 1900px) 100vw, 1900px\" \/>\t\t\t\t\t\t\t\t\t\t\t\t\t\t\t<\/div>\n\t\t\t\t<\/div>\n\t\t\t\t\t<\/div>\n\t\t<\/div>\n\t\t\t\t\t<\/div>\n\t\t<\/section>\n\t\t\t\t<section class=\"elementor-section elementor-top-section elementor-element elementor-element-118b23f elementor-section-boxed elementor-section-height-default elementor-section-height-default\" data-id=\"118b23f\" data-element_type=\"section\" data-e-type=\"section\">\n\t\t\t\t\t\t<div class=\"elementor-container elementor-column-gap-default\">\n\t\t\t\t\t<div class=\"elementor-column elementor-col-100 elementor-top-column elementor-element elementor-element-a1ec313\" data-id=\"a1ec313\" data-element_type=\"column\" data-e-type=\"column\">\n\t\t\t<div class=\"elementor-widget-wrap elementor-element-populated\">\n\t\t\t\t\t\t<div class=\"elementor-element elementor-element-8cc533e elementor-widget elementor-widget-heading\" data-id=\"8cc533e\" data-element_type=\"widget\" data-e-type=\"widget\" data-widget_type=\"heading.default\">\n\t\t\t\t<div class=\"elementor-widget-container\">\n\t\t\t\t\t<h2 class=\"elementor-heading-title elementor-size-default\">talk to me<\/h2>\t\t\t\t<\/div>\n\t\t\t\t<\/div>\n\t\t\t\t<div class=\"elementor-element elementor-element-eef27f1 elementor-widget elementor-widget-heading\" data-id=\"eef27f1\" data-element_type=\"widget\" data-e-type=\"widget\" data-widget_type=\"heading.default\">\n\t\t\t\t<div class=\"elementor-widget-container\">\n\t\t\t\t\t<h2 class=\"elementor-heading-title elementor-size-small\">SHORT DOCUMENTARY, 44 MIN (2015)<\/h2>\t\t\t\t<\/div>\n\t\t\t\t<\/div>\n\t\t\t\t\t<\/div>\n\t\t<\/div>\n\t\t\t\t\t<\/div>\n\t\t<\/section>\n\t\t\t\t<section class=\"elementor-section elementor-top-section elementor-element elementor-element-3244e140 elementor-section-boxed elementor-section-height-default elementor-section-height-default\" data-id=\"3244e140\" data-element_type=\"section\" data-e-type=\"section\">\n\t\t\t\t\t\t<div class=\"elementor-container elementor-column-gap-default\">\n\t\t\t\t\t<div class=\"elementor-column elementor-col-50 elementor-top-column elementor-element elementor-element-7e7d79f1\" data-id=\"7e7d79f1\" data-element_type=\"column\" data-e-type=\"column\">\n\t\t\t<div class=\"elementor-widget-wrap elementor-element-populated\">\n\t\t\t\t\t\t<div class=\"elementor-element elementor-element-757079b0 elementor-widget elementor-widget-text-editor\" data-id=\"757079b0\" data-element_type=\"widget\" data-e-type=\"widget\" data-widget_type=\"text-editor.default\">\n\t\t\t\t<div class=\"elementor-widget-container\">\n\t\t\t\t\t\t\t\t\tThe protagonist of <i>Talk To Me<\/i> is Krzysiek, a 21-year-old marijuana addict staying at a MONAR rehabilitation centre in Warsaw. The documentary, however, is not a typical narrative about addiction. A rare example of the real life seeping into the film, it shows a relationship between the protagonist and the director, who unexpectedly face a difficult situation. It is a coming-of-age story of growing feelings and a struggle against one\u2019s weaknesses.\t\t\t\t\t\t\t\t<\/div>\n\t\t\t\t<\/div>\n\t\t\t\t\t<\/div>\n\t\t<\/div>\n\t\t\t\t<div class=\"elementor-column elementor-col-50 elementor-top-column elementor-element elementor-element-466c1ed4\" data-id=\"466c1ed4\" data-element_type=\"column\" data-e-type=\"column\">\n\t\t\t<div class=\"elementor-widget-wrap elementor-element-populated\">\n\t\t\t\t\t\t<div class=\"elementor-element elementor-element-f768a70 elementor-widget__width-inherit elementor-widget elementor-widget-html\" data-id=\"f768a70\" data-element_type=\"widget\" data-e-type=\"widget\" data-widget_type=\"html.default\">\n\t\t\t\t<div class=\"elementor-widget-container\">\n\t\t\t\t\t<div class=\"divTable tab\">\n<div class=\"divTableBody\">\n<div class=\"divTableRow\">\n\n<div class=\"divTableCell\"><b>directed by<\/b><\/div><div class=\"divTableCellL\">Marta Prus<\/div><\/div>\n<div class=\"divTableRow\">\n<div class=\"divTableCell\"><b>written by<\/b><\/div><div class=\"divTableCellL\">Marta Prus<\/div><\/div>\n<div class=\"divTableRow\">\n<div class=\"divTableCell\"><b>director of photography<\/b><\/div><div class=\"divTableCellL\">Adam Suzin<\/div><\/div>\n<div class=\"divTableRow\">\n<div class=\"divTableCell\"><b>producer<\/b><\/div><div class=\"divTableCellL\">Anna K\u0119pi\u0144ska, Maciej Kubicki<\/div><\/div>\n<div class=\"divTableRow\">\n<div class=\"divTableCell\"><b>producion<\/b><\/div><div class=\"divTableCellL\">Telemark, Pa\u0144stwowa Wy\u017csza Szko\u0142a Filmowa Telewizyjna i Teatralna w \u0141odzi<\/div><\/div>\n<div class=\"divTableRow\">\n<div class=\"divTableCell\"><b><\/b><\/div><div class=\"divTableCellL\"><\/div><\/div>\n<\/div>\n\t\t\t\t<\/div>\n\t\t\t\t<\/div>\n\t\t\t\t\t<\/div>\n\t\t<\/div>\n\t\t\t\t\t<\/div>\n\t\t<\/section>\n\t\t<div class=\"elementor-element elementor-element-af54322 e-flex e-con-boxed e-con e-parent\" data-id=\"af54322\" data-element_type=\"container\" data-e-type=\"container\">\n\t\t\t\t\t<div class=\"e-con-inner\">\n\t\t\t\t<div class=\"elementor-element elementor-element-3a1deda elementor-widget elementor-widget-heading\" data-id=\"3a1deda\" data-element_type=\"widget\" data-e-type=\"widget\" data-widget_type=\"heading.default\">\n\t\t\t\t<div class=\"elementor-widget-container\">\n\t\t\t\t\t<h5 class=\"elementor-heading-title elementor-size-default\">awards<\/h5>\t\t\t\t<\/div>\n\t\t\t\t<\/div>\n\t\t\t\t\t<\/div>\n\t\t\t\t<\/div>\n\t\t<div class=\"elementor-element elementor-element-423b5363 e-grid e-con-boxed e-con e-parent\" data-id=\"423b5363\" data-element_type=\"container\" data-e-type=\"container\">\n\t\t\t\t\t<div class=\"e-con-inner\">\n\t\t\t\t<div class=\"elementor-element elementor-element-17beb69f elementor-position-left elementor-vertical-align-top elementor-widget elementor-widget-image-box\" data-id=\"17beb69f\" data-element_type=\"widget\" data-e-type=\"widget\" data-widget_type=\"image-box.default\">\n\t\t\t\t<div class=\"elementor-widget-container\">\n\t\t\t\t\t<div class=\"elementor-image-box-wrapper\"><figure class=\"elementor-image-box-img\"><img decoding=\"async\" width=\"500\" height=\"507\" src=\"https:\/\/telemark.com.pl\/wp-content\/uploads\/2026\/02\/laury_kolor.png\" class=\"attachment-full size-full wp-image-3417\" alt=\"\" srcset=\"https:\/\/telemark.com.pl\/wp-content\/uploads\/2026\/02\/laury_kolor.png 500w, https:\/\/telemark.com.pl\/wp-content\/uploads\/2026\/02\/laury_kolor-296x300.png 296w, https:\/\/telemark.com.pl\/wp-content\/uploads\/2026\/02\/laury_kolor-12x12.png 12w\" sizes=\"(max-width: 500px) 100vw, 500px\" \/><\/figure><div class=\"elementor-image-box-content\"><h3 class=\"elementor-image-box-title\">2016 The Polish Independent Film Award in Honour of Jan Machulski<\/h3><p class=\"elementor-image-box-description\">Nominated for the best documentary film<\/p><\/div><\/div>\t\t\t\t<\/div>\n\t\t\t\t<\/div>\n\t\t\t\t<div class=\"elementor-element elementor-element-5dc3fea elementor-position-left elementor-vertical-align-top elementor-widget elementor-widget-image-box\" data-id=\"5dc3fea\" data-element_type=\"widget\" data-e-type=\"widget\" data-widget_type=\"image-box.default\">\n\t\t\t\t<div class=\"elementor-widget-container\">\n\t\t\t\t\t<div class=\"elementor-image-box-wrapper\"><figure class=\"elementor-image-box-img\"><img decoding=\"async\" width=\"500\" height=\"507\" src=\"https:\/\/telemark.com.pl\/wp-content\/uploads\/2026\/02\/laury_kolor.png\" class=\"attachment-full size-full wp-image-3417\" alt=\"\" srcset=\"https:\/\/telemark.com.pl\/wp-content\/uploads\/2026\/02\/laury_kolor.png 500w, https:\/\/telemark.com.pl\/wp-content\/uploads\/2026\/02\/laury_kolor-296x300.png 296w, https:\/\/telemark.com.pl\/wp-content\/uploads\/2026\/02\/laury_kolor-12x12.png 12w\" sizes=\"(max-width: 500px) 100vw, 500px\" \/><\/figure><div class=\"elementor-image-box-content\"><h3 class=\"elementor-image-box-title\">South West London International<br>Film Festival 2016<\/h3><p class=\"elementor-image-box-description\">South West London International Film Festival<\/p><\/div><\/div>\t\t\t\t<\/div>\n\t\t\t\t<\/div>\n\t\t\t\t<div class=\"elementor-element elementor-element-23355c3 elementor-position-left elementor-vertical-align-top elementor-widget elementor-widget-image-box\" data-id=\"23355c3\" data-element_type=\"widget\" data-e-type=\"widget\" data-widget_type=\"image-box.default\">\n\t\t\t\t<div class=\"elementor-widget-container\">\n\t\t\t\t\t<div class=\"elementor-image-box-wrapper\"><figure class=\"elementor-image-box-img\"><img decoding=\"async\" width=\"500\" height=\"507\" src=\"https:\/\/telemark.com.pl\/wp-content\/uploads\/2026\/02\/laury_kolor.png\" class=\"attachment-full size-full wp-image-3417\" alt=\"\" srcset=\"https:\/\/telemark.com.pl\/wp-content\/uploads\/2026\/02\/laury_kolor.png 500w, https:\/\/telemark.com.pl\/wp-content\/uploads\/2026\/02\/laury_kolor-296x300.png 296w, https:\/\/telemark.com.pl\/wp-content\/uploads\/2026\/02\/laury_kolor-12x12.png 12w\" sizes=\"(max-width: 500px) 100vw, 500px\" \/><\/figure><div class=\"elementor-image-box-content\"><h3 class=\"elementor-image-box-title\">Bia\u0142ystok 2015<br>\"\u017bubrOFFka\" International Short Film Festival<\/h3><p class=\"elementor-image-box-description\">Special Mention in the National Competition \"Students\"<\/p><\/div><\/div>\t\t\t\t<\/div>\n\t\t\t\t<\/div>\n\t\t\t\t<div class=\"elementor-element elementor-element-b270b30 elementor-position-left elementor-vertical-align-top elementor-widget elementor-widget-image-box\" data-id=\"b270b30\" data-element_type=\"widget\" data-e-type=\"widget\" data-widget_type=\"image-box.default\">\n\t\t\t\t<div class=\"elementor-widget-container\">\n\t\t\t\t\t<div class=\"elementor-image-box-wrapper\"><figure class=\"elementor-image-box-img\"><img decoding=\"async\" width=\"500\" height=\"507\" src=\"https:\/\/telemark.com.pl\/wp-content\/uploads\/2026\/02\/laury_kolor.png\" class=\"attachment-full size-full wp-image-3417\" alt=\"\" srcset=\"https:\/\/telemark.com.pl\/wp-content\/uploads\/2026\/02\/laury_kolor.png 500w, https:\/\/telemark.com.pl\/wp-content\/uploads\/2026\/02\/laury_kolor-296x300.png 296w, https:\/\/telemark.com.pl\/wp-content\/uploads\/2026\/02\/laury_kolor-12x12.png 12w\" sizes=\"(max-width: 500px) 100vw, 500px\" \/><\/figure><div class=\"elementor-image-box-content\"><h3 class=\"elementor-image-box-title\">Gniezno 2015<br>Polish Amateur and Independent Film Festival \"Offeliada\"<\/h3><p class=\"elementor-image-box-description\">Grand Prix \"Hamlet\" given by the Student Jury<\/p><\/div><\/div>\t\t\t\t<\/div>\n\t\t\t\t<\/div>\n\t\t\t\t<div class=\"elementor-element elementor-element-df4786e elementor-position-left elementor-vertical-align-top elementor-widget elementor-widget-image-box\" data-id=\"df4786e\" data-element_type=\"widget\" data-e-type=\"widget\" data-widget_type=\"image-box.default\">\n\t\t\t\t<div class=\"elementor-widget-container\">\n\t\t\t\t\t<div class=\"elementor-image-box-wrapper\"><figure class=\"elementor-image-box-img\"><img decoding=\"async\" width=\"500\" height=\"507\" src=\"https:\/\/telemark.com.pl\/wp-content\/uploads\/2026\/02\/laury_kolor.png\" class=\"attachment-full size-full wp-image-3417\" alt=\"\" srcset=\"https:\/\/telemark.com.pl\/wp-content\/uploads\/2026\/02\/laury_kolor.png 500w, https:\/\/telemark.com.pl\/wp-content\/uploads\/2026\/02\/laury_kolor-296x300.png 296w, https:\/\/telemark.com.pl\/wp-content\/uploads\/2026\/02\/laury_kolor-12x12.png 12w\" sizes=\"(max-width: 500px) 100vw, 500px\" \/><\/figure><div class=\"elementor-image-box-content\"><h3 class=\"elementor-image-box-title\">Koszali\u0144ski Festiwal Debiut\u00f3w Filmowych<br>\"M\u0142odzi i Film\" 2015<\/h3><p class=\"elementor-image-box-description\">Award for the best short documentary film <\/p><\/div><\/div>\t\t\t\t<\/div>\n\t\t\t\t<\/div>\n\t\t\t\t<div class=\"elementor-element elementor-element-507d8df elementor-position-left elementor-vertical-align-top elementor-widget elementor-widget-image-box\" data-id=\"507d8df\" data-element_type=\"widget\" data-e-type=\"widget\" data-widget_type=\"image-box.default\">\n\t\t\t\t<div class=\"elementor-widget-container\">\n\t\t\t\t\t<div class=\"elementor-image-box-wrapper\"><figure class=\"elementor-image-box-img\"><img decoding=\"async\" width=\"500\" height=\"507\" src=\"https:\/\/telemark.com.pl\/wp-content\/uploads\/2026\/02\/laury_kolor.png\" class=\"attachment-full size-full wp-image-3417\" alt=\"\" srcset=\"https:\/\/telemark.com.pl\/wp-content\/uploads\/2026\/02\/laury_kolor.png 500w, https:\/\/telemark.com.pl\/wp-content\/uploads\/2026\/02\/laury_kolor-296x300.png 296w, https:\/\/telemark.com.pl\/wp-content\/uploads\/2026\/02\/laury_kolor-12x12.png 12w\" sizes=\"(max-width: 500px) 100vw, 500px\" \/><\/figure><div class=\"elementor-image-box-content\"><h3 class=\"elementor-image-box-title\">Szczecin European Film Festival 2015<\/h3><p class=\"elementor-image-box-description\">Award for the most moving film in the European Competition<\/p><\/div><\/div>\t\t\t\t<\/div>\n\t\t\t\t<\/div>\n\t\t\t\t<div class=\"elementor-element elementor-element-eb80ce6 elementor-position-left elementor-vertical-align-top elementor-widget elementor-widget-image-box\" data-id=\"eb80ce6\" data-element_type=\"widget\" data-e-type=\"widget\" data-widget_type=\"image-box.default\">\n\t\t\t\t<div class=\"elementor-widget-container\">\n\t\t\t\t\t<div class=\"elementor-image-box-wrapper\"><figure class=\"elementor-image-box-img\"><img decoding=\"async\" width=\"500\" height=\"507\" src=\"https:\/\/telemark.com.pl\/wp-content\/uploads\/2026\/02\/laury_kolor.png\" class=\"attachment-full size-full wp-image-3417\" alt=\"\" srcset=\"https:\/\/telemark.com.pl\/wp-content\/uploads\/2026\/02\/laury_kolor.png 500w, https:\/\/telemark.com.pl\/wp-content\/uploads\/2026\/02\/laury_kolor-296x300.png 296w, https:\/\/telemark.com.pl\/wp-content\/uploads\/2026\/02\/laury_kolor-12x12.png 12w\" sizes=\"(max-width: 500px) 100vw, 500px\" \/><\/figure><div class=\"elementor-image-box-content\"><h3 class=\"elementor-image-box-title\">Warsaw 2015<br>\u0141\u00f3d\u017a Film School Student Film Competition \"\u0141odzi\u0105 po Wi\u015ble\"<\/h3><p class=\"elementor-image-box-description\">Award for the best short documentary <\/p><\/div><\/div>\t\t\t\t<\/div>\n\t\t\t\t<\/div>\n\t\t\t\t<div class=\"elementor-element elementor-element-329ed4e elementor-position-left elementor-vertical-align-top elementor-widget elementor-widget-image-box\" data-id=\"329ed4e\" data-element_type=\"widget\" data-e-type=\"widget\" data-widget_type=\"image-box.default\">\n\t\t\t\t<div class=\"elementor-widget-container\">\n\t\t\t\t\t<div class=\"elementor-image-box-wrapper\"><figure class=\"elementor-image-box-img\"><img decoding=\"async\" width=\"500\" height=\"507\" src=\"https:\/\/telemark.com.pl\/wp-content\/uploads\/2026\/02\/laury_kolor.png\" class=\"attachment-full size-full wp-image-3417\" alt=\"\" srcset=\"https:\/\/telemark.com.pl\/wp-content\/uploads\/2026\/02\/laury_kolor.png 500w, https:\/\/telemark.com.pl\/wp-content\/uploads\/2026\/02\/laury_kolor-296x300.png 296w, https:\/\/telemark.com.pl\/wp-content\/uploads\/2026\/02\/laury_kolor-12x12.png 12w\" sizes=\"(max-width: 500px) 100vw, 500px\" \/><\/figure><div class=\"elementor-image-box-content\"><h3 class=\"elementor-image-box-title\">Nowa S\u00f3l 2015<br>Solanin Film Festiwal<\/h3><p class=\"elementor-image-box-description\">grand prix<\/p><\/div><\/div>\t\t\t\t<\/div>\n\t\t\t\t<\/div>\n\t\t\t\t<div class=\"elementor-element elementor-element-028218e elementor-position-left elementor-vertical-align-top elementor-widget elementor-widget-image-box\" data-id=\"028218e\" data-element_type=\"widget\" data-e-type=\"widget\" data-widget_type=\"image-box.default\">\n\t\t\t\t<div class=\"elementor-widget-container\">\n\t\t\t\t\t<div class=\"elementor-image-box-wrapper\"><figure class=\"elementor-image-box-img\"><img decoding=\"async\" width=\"500\" height=\"507\" src=\"https:\/\/telemark.com.pl\/wp-content\/uploads\/2026\/02\/laury_kolor.png\" class=\"attachment-full size-full wp-image-3417\" alt=\"\" srcset=\"https:\/\/telemark.com.pl\/wp-content\/uploads\/2026\/02\/laury_kolor.png 500w, https:\/\/telemark.com.pl\/wp-content\/uploads\/2026\/02\/laury_kolor-296x300.png 296w, https:\/\/telemark.com.pl\/wp-content\/uploads\/2026\/02\/laury_kolor-12x12.png 12w\" sizes=\"(max-width: 500px) 100vw, 500px\" \/><\/figure><div class=\"elementor-image-box-content\"><h3 class=\"elementor-image-box-title\">Nowa S\u00f3l 2015<br>Solanin Film Festiwal<\/h3><p class=\"elementor-image-box-description\">Award in the section of documentary off-cinema<\/p><\/div><\/div>\t\t\t\t<\/div>\n\t\t\t\t<\/div>\n\t\t\t\t<div class=\"elementor-element elementor-element-e755fb5 elementor-position-left elementor-vertical-align-top elementor-widget elementor-widget-image-box\" data-id=\"e755fb5\" data-element_type=\"widget\" data-e-type=\"widget\" data-widget_type=\"image-box.default\">\n\t\t\t\t<div class=\"elementor-widget-container\">\n\t\t\t\t\t<div class=\"elementor-image-box-wrapper\"><figure class=\"elementor-image-box-img\"><img decoding=\"async\" width=\"500\" height=\"507\" src=\"https:\/\/telemark.com.pl\/wp-content\/uploads\/2026\/02\/laury_kolor.png\" class=\"attachment-full size-full wp-image-3417\" alt=\"\" srcset=\"https:\/\/telemark.com.pl\/wp-content\/uploads\/2026\/02\/laury_kolor.png 500w, https:\/\/telemark.com.pl\/wp-content\/uploads\/2026\/02\/laury_kolor-296x300.png 296w, https:\/\/telemark.com.pl\/wp-content\/uploads\/2026\/02\/laury_kolor-12x12.png 12w\" sizes=\"(max-width: 500px) 100vw, 500px\" \/><\/figure><div class=\"elementor-image-box-content\"><h3 class=\"elementor-image-box-title\">Pozna\u0144 2015 <br>International Documentary Film Festival \"Off Cinema\"<\/h3><p class=\"elementor-image-box-description\">wyr\u00f3\u017cnienie<\/p><\/div><\/div>\t\t\t\t<\/div>\n\t\t\t\t<\/div>\n\t\t\t\t\t<\/div>\n\t\t\t\t<\/div>\n\t\t\t\t<\/div>","protected":false},"excerpt":{"rendered":"<p>ETIUDA DOKUMENTALNA, 44 MIN (2015) Bohaterem &#8222;M\u00f3w do mnie&#8221; jest uzale\u017cniony od marihuany Krzysiek (21 lat), mieszkaniec o\u015brodka Monar w Warszawie. Jednak film nie jest kolejn\u0105 narracj\u0105 o uzale\u017cnieniu, tylko opowie\u015bci\u0105 o relacji bohatera z re\u017cyserem, nietypowym przyk\u0142adem tego, jak \u017cycie wnika w materi\u0119 filmow\u0105, stawiaj\u0105c bohatera i re\u017cysera w trudnej sytuacji. To historia rodz\u0105cego [&hellip;]<\/p>\n","protected":false},"author":1,"featured_media":1356,"comment_status":"closed","ping_status":"open","sticky":false,"template":"","format":"standard","meta":{"_monsterinsights_skip_tracking":false,"_monsterinsights_sitenote_active":false,"_monsterinsights_sitenote_note":"","_monsterinsights_sitenote_category":0,"footnotes":""},"categories":[8],"tags":[],"class_list":["post-819","post","type-post","status-publish","format-standard","has-post-thumbnail","hentry","category-dokumenty"],"aioseo_notices":[],"_links":{"self":[{"href":"https:\/\/telemark.com.pl\/en\/wp-json\/wp\/v2\/posts\/819","targetHints":{"allow":["GET"]}}],"collection":[{"href":"https:\/\/telemark.com.pl\/en\/wp-json\/wp\/v2\/posts"}],"about":[{"href":"https:\/\/telemark.com.pl\/en\/wp-json\/wp\/v2\/types\/post"}],"author":[{"embeddable":true,"href":"https:\/\/telemark.com.pl\/en\/wp-json\/wp\/v2\/users\/1"}],"replies":[{"embeddable":true,"href":"https:\/\/telemark.com.pl\/en\/wp-json\/wp\/v2\/comments?post=819"}],"version-history":[{"count":9,"href":"https:\/\/telemark.com.pl\/en\/wp-json\/wp\/v2\/posts\/819\/revisions"}],"predecessor-version":[{"id":3509,"href":"https:\/\/telemark.com.pl\/en\/wp-json\/wp\/v2\/posts\/819\/revisions\/3509"}],"wp:featuredmedia":[{"embeddable":true,"href":"https:\/\/telemark.com.pl\/en\/wp-json\/wp\/v2\/media\/1356"}],"wp:attachment":[{"href":"https:\/\/telemark.com.pl\/en\/wp-json\/wp\/v2\/media?parent=819"}],"wp:term":[{"taxonomy":"category","embeddable":true,"href":"https:\/\/telemark.com.pl\/en\/wp-json\/wp\/v2\/categories?post=819"},{"taxonomy":"post_tag","embeddable":true,"href":"https:\/\/telemark.com.pl\/en\/wp-json\/wp\/v2\/tags?post=819"}],"curies":[{"name":"wp","href":"https:\/\/api.w.org\/{rel}","templated":true}]}}